{"id":7866,"date":"2019-11-29T12:02:54","date_gmt":"2019-11-29T10:02:54","guid":{"rendered":"https:\/\/www.prconsultants.pl\/?p=7866"},"modified":"2021-05-13T12:11:00","modified_gmt":"2021-05-13T10:11:00","slug":"bioagra-sa-pracodawca-roku-2019-powiatu-nyskiego","status":"publish","type":"post","link":"https:\/\/www.prconsultants.pl\/en\/prconsultants\/bioagra-sa-pracodawca-roku-2019-powiatu-nyskiego\/","title":{"rendered":"Bioagra SA Pracodawc\u0105 Roku 2019 Powiatu Nyskiego"},"content":{"rendered":"<p class=\"actualTextTitle\"><strong>Bioagra SA otrzyma\u0142a tytu\u0142 Pracodawcy Roku 2019 w kategorii\u00a0<\/strong><strong>\u015brednie i du\u017ce przedsi\u0119biorstwo.<\/strong>\u00a0<strong>Wr\u0119czenie presti\u017cowych wyr\u00f3\u017cnie\u0144 i statuetek \u201cNyskich Syzyf\u00f3w\u201d odby\u0142o si\u0119 podczas IX Gali Biznesu Powiatu Nyskiego.<\/strong><\/p>\n<div class=\"actualTextLarge\">\n<p>Ide\u0105 XI konkursu Pracodawca Roku Powiatu Nyskiego jest promowanie lokalnych Pracodawc\u00f3w tworz\u0105cych nowe miejsca pracy, wyr\u00f3\u017cniaj\u0105cych si\u0119 pod wzgl\u0119dem jako\u015bci zapewnianych warunk\u00f3w pracy, reprezentuj\u0105cych ponadprzeci\u0119tny i godny na\u015bladowania model prowadzenia dzia\u0142alno\u015bci. W konkursie mogli wzi\u0105\u0107 udzia\u0142 wszyscy przedsi\u0119biorcy dzia\u0142aj\u0105cy w powiecie, bez wzgl\u0119du na wielko\u015b\u0107 czy rodzaj prowadzonej dzia\u0142alno\u015bci.<\/p>\n<p>\u2013 Tytu\u0142 Pracodawcy Roku 2019 to efekt dziesi\u0119ciu lat pracy i doskonalenia firmy \u2013 powiedzia\u0142, odbieraj\u0105c nagrod\u0119, Arkadiusz Komorowski, dyrektor Zak\u0142adu Produkcji Etanolu nale\u017c\u0105cego do Bioagry. \u2013\u00a0<em>Obchodzili\u015bmy niedawno jubileusz 10-lecia uruchomienia zak\u0142adu. Prowadzimy obecnie najwi\u0119ksz\u0105 w historii firmy inwestycj\u0119. Podwoimy dzi\u0119ki niej produkcj\u0119 i podniesiemy zatrudnienie a\u017c o 40 proc. Dodatkowo, wygenerujemy kilkadziesi\u0105t miejsc pracy w firmach zewn\u0119trznych dzia\u0142aj\u0105cych w regionie \u2013 doda\u0142\u00a0<\/em>Arkadiusz Komorowski.<\/p>\n<p>Kapitu\u0142a konkursu nagrodzi\u0142a Bioagr\u0119 za wzrost zatrudnienia i pozytywne warunki pracy w firmie. Wzi\u0119\u0142a r\u00f3wnie\u017c pod uwag\u0119 prowadzone ostatnio inwestycje oraz dzia\u0142alno\u015b\u0107 spo\u0142eczn\u0105 i charytatywn\u0105.<\/p>\n<p>W pozosta\u0142ych kategoriach zwyci\u0119zcami konkursu zosta\u0142y firma Pico z G\u0142ucho\u0142az (m\u0142ody biznes), producent pomadek mlecznych\/kr\u00f3wek, zawijanych r\u0119cznie i maszynowo oraz Vita z Nysy (mikroprzedsi\u0119biorstwa i ma\u0142e firmy). Firma zatrudnia 50 os\u00f3b i odpowiada m.in. za nocn\u0105 i \u015bwi\u0105teczn\u0105 opiek\u0119 nad pacjentami mieszkaj\u0105cymi w Nysie i okolicznych miejscowo\u015bciach, w ramach podstawowej opieki zdrowotnej oraz ambulatoryjnej opieki specjalistycznej.<\/p>\n<p>Ewa Flaszy\u0144ska, dyrektor Departamentu Rynku Pracy w Ministerstwie Rodziny, Pracy i Polityki Spo\u0142ecznej stwierdzi\u0142a, \u017ce w Polsce zanotowano najni\u017csz\u0105 stop\u0119 bezrobocia od 30 lat. Jednak wci\u0105\u017c ponad 800 tys. os\u00f3b bezrobotnych czeka na podj\u0119cie pracy.<\/p>\n<\/div>\n","protected":false},"excerpt":{"rendered":"<p>Bioagra SA otrzyma\u0142a tytu\u0142 Pracodawcy Roku 2019 w kategorii\u00a0\u015brednie i du\u017ce przedsi\u0119biorstwo.\u00a0Wr\u0119czenie presti\u017cowych wyr\u00f3\u017cnie\u0144 i statuetek \u201cNyskich Syzyf\u00f3w\u201d odby\u0142o si\u0119 podczas IX Gali Biznesu [&hellip;]<\/p>\n","protected":false},"author":3,"featured_media":7869,"comment_status":"closed","ping_status":"open","sticky":false,"template":"","format":"standard","meta":[],"categories":[104,1],"tags":[],"_links":{"self":[{"href":"https:\/\/www.prconsultants.pl\/en\/wp-json\/wp\/v2\/posts\/7866"}],"collection":[{"href":"https:\/\/www.prconsultants.pl\/en\/wp-json\/wp\/v2\/posts"}],"about":[{"href":"https:\/\/www.prconsultants.pl\/en\/wp-json\/wp\/v2\/types\/post"}],"author":[{"embeddable":true,"href":"https:\/\/www.prconsultants.pl\/en\/wp-json\/wp\/v2\/users\/3"}],"replies":[{"embeddable":true,"href":"https:\/\/www.prconsultants.pl\/en\/wp-json\/wp\/v2\/comments?post=7866"}],"version-history":[{"count":3,"href":"https:\/\/www.prconsultants.pl\/en\/wp-json\/wp\/v2\/posts\/7866\/revisions"}],"predecessor-version":[{"id":7872,"href":"https:\/\/www.prconsultants.pl\/en\/wp-json\/wp\/v2\/posts\/7866\/revisions\/7872"}],"wp:featuredmedia":[{"embeddable":true,"href":"https:\/\/www.prconsultants.pl\/en\/wp-json\/wp\/v2\/media\/7869"}],"wp:attachment":[{"href":"https:\/\/www.prconsultants.pl\/en\/wp-json\/wp\/v2\/media?parent=7866"}],"wp:term":[{"taxonomy":"category","embeddable":true,"href":"https:\/\/www.prconsultants.pl\/en\/wp-json\/wp\/v2\/categories?post=7866"},{"taxonomy":"post_tag","embeddable":true,"href":"https:\/\/www.prconsultants.pl\/en\/wp-json\/wp\/v2\/tags?post=7866"}],"curies":[{"name":"wp","href":"https:\/\/api.w.org\/{rel}","templated":true}]}}